{"id":2542,"date":"2023-06-13T07:52:46","date_gmt":"2023-06-13T07:52:46","guid":{"rendered":"https:\/\/www.valicon.net\/?p=2542"},"modified":"2025-05-20T08:10:21","modified_gmt":"2025-05-20T08:10:21","slug":"potrosniki-v-regiji-jugovzhodne-evrope-umirjajo-negativna-pricakovanja-pricakuje-se-vec-optimizma-in-potrosnje","status":"publish","type":"post","link":"https:\/\/www.valicon.net\/sl\/potrosniki-v-regiji-jugovzhodne-evrope-umirjajo-negativna-pricakovanja-pricakuje-se-vec-optimizma-in-potrosnje\/","title":{"rendered":"Potro\u0161niki v regiji Jugovzhodne Evrope umirjajo negativna pri\u010dakovanja, pri\u010dakuje se ve\u010d optimizma in potro\u0161nje"},"content":{"rendered":"<p><strong><em>Z raziskavo #Novanormalnost spremljamo klju\u010dne indikatorje odziva javnosti na klju\u010dne politi\u010dne in gospodarske okoli\u0161\u010dine. \u00bbValicon Consumer Insight report\u00ab je \u010detrtletna meritev v okviru raziskave #Novanormalnost, s katero podrobneje preverjamo odzive potro\u0161nikov na draginjo, oceno finan\u010dnega stanja, var\u010devanja in potro\u0161nje v prihodnje ter spremembe nakupnih navad. Podatki so dostopni javno. Raziskave #Novanormalnost ne financira nobeno podjetje, posameznik ali organizacija.<\/em><\/strong><\/p>\n<p>&nbsp;<\/p>\n<h3>Klju\u010dni trendi v regiji \u2013 Slovenija, Hrva\u0161ka, Srbija, Bosna in Hercegovina<\/h3>\n<ul>\n<li><strong>Ob\u010dutenje poslab\u0161anja finan\u010dnega stanja in kr\u010denje obsega potro\u0161nje se v vseh dr\u017eavah postopno umirjata<\/strong>, a ostajata v negativnem obmo\u010dju.<\/li>\n<\/ul>\n<p><strong style=\"color: #333333;\"><em>Slika: <\/em><\/strong><em style=\"color: #333333;\">Ocena osebnega finan\u010dnega stanja:<\/em><\/p>\n<p><a href=\"https:\/\/www.valicon.net\/wp-content\/uploads\/2023\/06\/Picture9-1.png\"><img loading=\"lazy\" decoding=\"async\" class=\"aligncenter size-full wp-image-2544\" src=\"https:\/\/www.valicon.net\/wp-content\/uploads\/2023\/06\/Picture9-1.png\" alt=\"\" width=\"874\" height=\"489\" srcset=\"https:\/\/www.valicon.net\/wp-content\/uploads\/2023\/06\/Picture9-1.png 874w, https:\/\/www.valicon.net\/wp-content\/uploads\/2023\/06\/Picture9-1-480x269.png 480w\" sizes=\"auto, (min-width: 0px) and (max-width: 480px) 480px, (min-width: 481px) 874px, 100vw\" \/><\/a><\/p>\n<h6><em>Kak\u0161no je danes va\u0161e finan\u010dno stanje na splo\u0161no, glede na stanje izpred pol leta \u2013 pri tem upo\u0161tevajte vse vire va\u0161ih prihodkov, prihranke itd.? (slab\u0161e kot pred pol leta \/ enako, vendar pri\u010dakujem, da se bo poslab\u0161alo \/ enako, ne pri\u010dakujem poslab\u0161anja \/ bolj\u0161e kot pred pol leta) OCENA = razlika med se\u0161tevkom dele\u017eev enako brez poslab\u0161anje in bolj\u0161e ter se\u0161tevkom dele\u017eev enako s poslab\u0161anjem ter slab\u0161e.<\/em><\/h6>\n<h6><strong><em>Slika: <\/em><\/strong><em>Stopnja potro\u0161nje:<br \/>\n<\/em><\/h6>\n<p><a href=\"https:\/\/www.valicon.net\/wp-content\/uploads\/2023\/06\/Picture10.png\"><img loading=\"lazy\" decoding=\"async\" class=\"aligncenter size-full wp-image-2545\" src=\"https:\/\/www.valicon.net\/wp-content\/uploads\/2023\/06\/Picture10.png\" alt=\"\" width=\"874\" height=\"493\" srcset=\"https:\/\/www.valicon.net\/wp-content\/uploads\/2023\/06\/Picture10.png 874w, https:\/\/www.valicon.net\/wp-content\/uploads\/2023\/06\/Picture10-480x271.png 480w\" sizes=\"auto, (min-width: 0px) and (max-width: 480px) 480px, (min-width: 481px) 874px, 100vw\" \/><\/a><\/p>\n<h6><em>Ali bi zase lahko rekli, da ste spremenili obseg potro\u0161nje (koli\u010dino stvari, ki jih kupujete) v zadnje pol leta? (da, zdaj kupujem manj \/ ne, ampak mislim, da bom v prihodnjih mesecih kupoval manj \/ ne, in ne pri\u010dakujem nobenih sprememb \/ da, kupujem ve\u010d kot prej) STOPNJA = razlika med se\u0161tevkom dele\u017eev da, kupujem ve\u010d in ne, brez sprememb ter se\u0161tevkom dele\u017eev ne, v prihodnjih mesecih manj ter da, kupujem manj.<br \/>\n<\/em><\/h6>\n<ul>\n<li>Zaznavanje zvi\u0161anja cen se med potro\u0161niki sicer nadaljuje.\u00a0<strong>Dodatno zvi\u0161anje cen hrane in osnovnih potreb\u0161\u010din je med potro\u0161niki pri\u010dakovano tudi v prihodnjih mesecih.<br \/>\n<\/strong><\/li>\n<\/ul>\n<h6><em><strong>Slika:\u00a0<\/strong>Percepcija spremembe cen \u2013 dele\u017e odgovorov \u00bbcene so ob\u010dutno vi\u0161je\u00ab<\/em><\/h6>\n<h6><em> <a href=\"https:\/\/www.valicon.net\/wp-content\/uploads\/2023\/06\/Picture11.png\"><img loading=\"lazy\" decoding=\"async\" class=\"aligncenter size-full wp-image-2546\" src=\"https:\/\/www.valicon.net\/wp-content\/uploads\/2023\/06\/Picture11.png\" alt=\"\" width=\"1142\" height=\"321\" srcset=\"https:\/\/www.valicon.net\/wp-content\/uploads\/2023\/06\/Picture11.png 1142w, https:\/\/www.valicon.net\/wp-content\/uploads\/2023\/06\/Picture11-980x275.png 980w, https:\/\/www.valicon.net\/wp-content\/uploads\/2023\/06\/Picture11-480x135.png 480w\" sizes=\"auto, (min-width: 0px) and (max-width: 480px) 480px, (min-width: 481px) and (max-width: 980px) 980px, (min-width: 981px) 1142px, 100vw\" \/><\/a><\/em><\/h6>\n<h6><em>Kako zaznavate cene v posameznih kategorijah izdelkov, kako so se te spremenile v zadnjem mesecu ali dveh, cene za \u2026 so danes \u2026 (ob\u010dutno vi\u0161je \/ vi\u0161je \/ nespremenjene \/ ni\u017eje \/ ne morem oceniti) S pu\u0161\u010dicami so ozna\u010dene statisti\u010dno zna\u010dilne razlike glede na predhodno meritev<\/em><em>.<\/em><\/h6>\n<p>&nbsp;<\/p>\n<h6><strong>Slika:\u00a0<\/strong>Sprememba stro\u0161kov osnovnih dobrin v gospodinjstvu:<\/h6>\n<h6><a href=\"https:\/\/www.valicon.net\/wp-content\/uploads\/2023\/06\/Picture12.png\"><img loading=\"lazy\" decoding=\"async\" class=\"aligncenter size-full wp-image-2547\" src=\"https:\/\/www.valicon.net\/wp-content\/uploads\/2023\/06\/Picture12.png\" alt=\"\" width=\"496\" height=\"361\" srcset=\"https:\/\/www.valicon.net\/wp-content\/uploads\/2023\/06\/Picture12.png 496w, https:\/\/www.valicon.net\/wp-content\/uploads\/2023\/06\/Picture12-480x349.png 480w\" sizes=\"auto, (min-width: 0px) and (max-width: 480px) 480px, (min-width: 481px) 496px, 100vw\" \/><\/a><\/h6>\n<h6><em>Kako so se spremenili stro\u0161ki za spodaj na\u0161tete osnovne dobrine v va\u0161em gospodinjstvu, v zadnjih treh mesecih? Stro\u0161ki za \u2026 so zdaj \u2026 Kako pa se bodo po va\u0161em spremenili stro\u0161ki za spodaj na\u0161tete osnovne dobrine v va\u0161em gospodinjstvu, v naslednjih treh mesecih? Pri\u010dakujem, da bodo stro\u0161ki za \u2026<br \/>\n<\/em><\/h6>\n<ul>\n<li>Vse to se odra\u017ea v spremembah pri var\u010devanju ter nakupovanju:\n<ul>\n<li><strong>pogostej\u0161e nakupovanje cenej\u0161ih izdelkov<\/strong>\u00a0in izdelkov v akcijah ter nakupovanje v cenej\u0161ih trgovinah;<\/li>\n<li><strong>zni\u017eevanje predvidene potro\u0161nje<\/strong>\u00a0v kategorijah kot so naro\u010danje hrane, nakupovanje \u0161portne opreme ter opreme za dom (razen v Srbiji), na Hrva\u0161kem in Sloveniji tudi obiskovanje barov in restavracij in obisk prireditev;<\/li>\n<li>v BiH nara\u0161\u010da dele\u017e tistih, ki so zmanj\u0161ali obseg var\u010devanja.<\/li>\n<\/ul>\n<\/li>\n<\/ul>\n<h6><em><strong>Slika:\u00a0<\/strong>Spremembe v ravnanju potro\u0161nika \u2013 dele\u017e odgovorov \u00bbto \u017ee velja zame\u00ab<\/em><\/h6>\n<p><a href=\"https:\/\/www.valicon.net\/wp-content\/uploads\/2023\/06\/Picture13.png\"><img loading=\"lazy\" decoding=\"async\" class=\"aligncenter size-full wp-image-2548\" src=\"https:\/\/www.valicon.net\/wp-content\/uploads\/2023\/06\/Picture13.png\" alt=\"\" width=\"1233\" height=\"262\" srcset=\"https:\/\/www.valicon.net\/wp-content\/uploads\/2023\/06\/Picture13.png 1233w, https:\/\/www.valicon.net\/wp-content\/uploads\/2023\/06\/Picture13-980x208.png 980w, https:\/\/www.valicon.net\/wp-content\/uploads\/2023\/06\/Picture13-480x102.png 480w\" sizes=\"auto, (min-width: 0px) and (max-width: 480px) 480px, (min-width: 481px) and (max-width: 980px) 980px, (min-width: 981px) 1233px, 100vw\" \/><\/a><\/p>\n<h6><em>Ali ste, ali boste kot potro\u0161nik, kaj ukrenili oziroma spremenili v svojih nakupnih navadah, vedenju in ravnanju z denarjem nasploh? Ozna\u010dite, kaj od na\u0161tetega velja za vas. (to \u017ee velja zame \/ razmi\u0161ljam o tem \/ ne pride v po\u0161tev) S pu\u0161\u010dicami so ozna\u010dene statisti\u010dno zna\u010dilne razlike glede na predhodno meritev.<\/em><\/h6>\n<p>&nbsp;<\/p>\n<ul>\n<li><strong>Vi\u0161anje cen je pri zadnjem merjenju v Sloveniji in Srbiji izpostavljeno v najmanj\u0161i meri do sedaj<\/strong>. Postopoma pri\u010dakujemo tudi rast obsega tro\u0161enja. Z izjemo Slovenije pri nakupovanju obleke in obutve, v BiH in Srbiji pri obiskovanju barov in restavracij, v Sloveniji in Srbiji pa tudi pri potovanjih oziroma po\u010ditnicah.<\/li>\n<\/ul>\n<h6><em><strong>Slika:<\/strong>\u00a0Sprememba obsega namenov tro\u0161enja:<\/em><\/h6>\n<p><a href=\"https:\/\/www.valicon.net\/wp-content\/uploads\/2023\/06\/Picture14.png\"><img loading=\"lazy\" decoding=\"async\" class=\"aligncenter size-full wp-image-2549\" src=\"https:\/\/www.valicon.net\/wp-content\/uploads\/2023\/06\/Picture14.png\" alt=\"\" width=\"739\" height=\"162\" srcset=\"https:\/\/www.valicon.net\/wp-content\/uploads\/2023\/06\/Picture14.png 739w, https:\/\/www.valicon.net\/wp-content\/uploads\/2023\/06\/Picture14-480x105.png 480w\" sizes=\"auto, (min-width: 0px) and (max-width: 480px) 480px, (min-width: 481px) 739px, 100vw\" \/><\/a><\/p>\n<h6><em>Ocenite obseg spodnjih namenov tro\u0161enja v primerjavi z obdobjem pred pol leta. Ali je v va\u0161em \u017eivljenju tega trenutno ve\u010d, manj ali enako kot pred pol leta? Kak\u0161en pa bo po va\u0161i oceni obseg spodnjih namenov tro\u0161enja v prihodnjih pol leta. Bo v va\u0161em \u017eivljenju tega ve\u010d, manj ali enako kot danes? Prikazan je rezultat ocene za naslednje 3 mesece in sicer razlika med se\u0161tevki dele\u017eev enako, nekoliko ter ob\u010dutno ve\u010d in se\u0161tevkom dele\u017eev nekoliko in ob\u010dutno manj za zadnje merjenje.<br \/>\n<\/em><\/h6>\n<ul>\n<li><strong>V prihodnje lahko pri\u010dakujemo bolj optimisti\u010den pogled na finan\u010dno stanje<\/strong>, v Sloveniji in Srbiji je optimizem mo\u010d zaznati tudi pri var\u010devanju.<\/li>\n<\/ul>\n<h6><em><strong>Slika:\u00a0<\/strong>Obseg var\u010devanja:<\/em><\/h6>\n<p><a href=\"https:\/\/www.valicon.net\/wp-content\/uploads\/2023\/06\/Picture15.png\"><img loading=\"lazy\" decoding=\"async\" class=\"aligncenter size-full wp-image-2550\" src=\"https:\/\/www.valicon.net\/wp-content\/uploads\/2023\/06\/Picture15.png\" alt=\"\" width=\"961\" height=\"510\" srcset=\"https:\/\/www.valicon.net\/wp-content\/uploads\/2023\/06\/Picture15.png 961w, https:\/\/www.valicon.net\/wp-content\/uploads\/2023\/06\/Picture15-480x255.png 480w\" sizes=\"auto, (min-width: 0px) and (max-width: 480px) 480px, (min-width: 481px) 961px, 100vw\" \/><\/a><\/p>\n<h6><em>Ali ste v zadnjem \u010dasu, recimo treh mesecih, spremenili obseg var\u010devanja (sredstev, ki jih redno \u00bbdajete na stran\u00ab).<\/em><\/h6>\n<h3><\/h3>\n<h3>Klju\u010dni trendi med potro\u0161niki v Sloveniji<\/h3>\n<ul>\n<li>V Sloveniji se je\u00a0<strong>opazno zni\u017eal dele\u017e tistih, ki zaznavajo ob\u010dutno povi\u0161anje cen.<\/strong>\u00a0Teh je sicer \u0161e vedno ve\u010d kot polovica, 58%, a to je za 15 odstotnih to\u010dk manj kot v prvem \u010detrtletju letos oziroma za 21 to\u010dk manj, kot v zadnjem \u010detrtletju 2022.<\/li>\n<li>Najbolj ob\u010dutno se je zaznavanje draginje zni\u017ealo\u00a0<strong>pri energentih<\/strong>\u00a0(za 14 odstotnih manj kot v predhodnem \u010detrtletju) in\u00a0<strong>pogonskih gorivih<\/strong>\u00a0(-12), v manj\u0161i meri pa pri hrani in pija\u010di (-8) ter in gostinskih storitvah (-4).<\/li>\n<li>Skladno s tem se\u00a0<strong>zni\u017euje tudi dele\u017e tistih, ki pravijo, da zadnje \u010dase pogosteje kupujejo cenej\u0161e izdelke<\/strong>, izdelke v akcijah in promocijah, oz. v trgovinah, ki so na splo\u0161no cenej\u0161e. V obeh primerih je sicer tako enih kot drugih \u0161e vedno krepko ve\u010d kot polovica, v prvem primeru 64%, v drugem 59%.<\/li>\n<li>Po drugi strani pa je\u00a0<strong>v trendu rasti odpovedovanje naro\u010dninam na razli\u010dne vsebine, zmanj\u0161evanje obsega \u010dlanarin ter obsega zavarovanj<\/strong>, pri zadnjih dveh negativni trend vztraja tudi v zadnjem \u010detrtletju.<\/li>\n<li>Glede na predhodno meritev februarja, se je sicer\u00a0<strong>pove\u010dal dele\u017e potro\u0161nikov, ki odgovarjajo, da si lahko danes za svoj denar privo\u0161\u010dijo ve\u010d kot pred pol leta<\/strong>\u00a0(iz 31% na 42%). Vi\u0161ji je tudi dele\u017e tistih, ki trdijo, da razpolagajo s prese\u017enimi denarnimi sredstvi (iz 27% na 31%).<\/li>\n<li>V prihodnjih \u0161estih mesecih bodo potro\u0161niki ve\u010d sredstev namenili potovanjem in po\u010ditnicam, ki so\u00a0<strong>edina kategorija, v kateri je dele\u017e tistih, ki bodo tro\u0161ili ve\u010d, enak dele\u017eu tistih, ki bodo tro\u0161ili manj<\/strong>. V vseh ostalih kategorijah potro\u0161nje je to razmerje \u0161e vedno negativno, torej v prid tistih, ki potro\u0161njo kr\u010dijo, a se je hkrati to razmerje v zadnjem \u010detrtletju opazno popravilo.<\/li>\n<\/ul>\n<p>&nbsp;<\/p>\n<p>Sklenemo lahko, da\u00a0<strong>so se potro\u0161niki privadili na nove razmere oz. so v skladu s temi prilagodili svojo potro\u0161njo<\/strong>. Manj\u0161i vpliv cen energentov in pogonskih goriv na dele\u017e razpolo\u017eljivih denarnih sredstev umirja kr\u010denje potro\u0161nje na najnujnej\u0161ih izdelkih in storitvah, med katere o\u010ditno sodijo tudi po\u010ditnice,\u00a0<strong>postopno spro\u0161\u010danje potro\u0161nje se lahko pri\u010dakuje tudi v drugih kategorijah izdelkov in storitev<\/strong>, zadnja \u00bb\u017ertev\u00ab draginje pa zaenkrat ostajajo razli\u010dne naro\u010dnine, \u010dlanarine in zavarovanja.<\/p>\n<p><strong>\u00a0<\/strong><\/p>\n<p><em>###<\/em><\/p>\n<h4>Dostop do podatkov<\/h4>\n<p>Povzetki meritev, grafi\u010dni prikazi in vsa pretekla sporo\u010dila za javnost so na voljo na povezavi:<\/p>\n<p><a href=\"https:\/\/www.valicon.net\/sl\/novanormalnost\/\">https:\/\/www.valicon.net\/sl\/novanormalnost\/<\/a><\/p>\n<p><em>###<\/em><\/p>\n<p><strong>Navajanje vira<\/strong><\/p>\n<p>Pri navajanju vira prosim navedite (priporo\u010dena oblika navajanja vira):<\/p>\n<p>\u00bbVir: Raziskava #Novanormalnost.<\/p>\n<p>2022 \u2013 Q3: 20.-22.8.2022; BiH (n=516), Hrva\u0161ka (n=516), Slovenija (n=512), Srbija (n=508)<\/p>\n<p>2022 \u2013 Q4: 18.-21.11.2022; BiH (n=513), Hrva\u0161ka (n=522), Slovenija (n=520), Srbija (n=510)<\/p>\n<p>2023 \u2013 Q1: 17.-20.2.2023; BiH (n=519), Hrva\u0161ka (n=523), Slovenija (n=521), Srbija (n=525)<\/p>\n<p>2023 \u2013 Q2: 19.-22.5.2023; BiH (n=527), Hrva\u0161ka (n=518), Slovenija (n=517), Srbija (n=519)<\/p>\n<p>&nbsp;<\/p>\n<p><em>###<\/em><\/p>\n<p><strong>Metodolo\u0161ki podatki<\/strong><\/p>\n<p>Raziskava se izvaja v okviru spletnega panela anketirancev Jazvem.si. Spletni panel Jazvem.si je najve\u010dji spletni panel anketirancev v Sloveniji. Rezultati so reprezentativni za slovensko spletno populacijo od 18 do 75 let, po spolu, starosti, izobrazbi in regiji na ravni tipa naselja.<\/p>\n<p><em>###<\/em><\/p>\n<p><strong>O dru\u017ebi Valicon<\/strong><\/p>\n<p>Valicon vodilna dru\u017eba za javnomnenjske in tr\u017eenjske raziskave in svetovanje v Sloveniji, ustanovljena leta 1996. Ustanovitelja in vodilni osebi v podjetju sta \u010dlana zdru\u017eenja ESOMAR.<\/p>\n<p><em>###<\/em><\/p>\n<p><strong>Ve\u010d informacij<\/strong><\/p>\n<p>Valicon d.o.o., Kopitarjeva 2, Ljubljana<br \/>\n01\/ 420 49 00, 041\/ 791 908 (Andra\u017e Zorko, partner)<br \/>\n<a href=\"mailto:pr@valicon.net\">pr@valicon.net<\/a><br \/>\n<a href=\"http:\/\/www.valicon.net\/sl\/\">www.valicon.net<\/a><br \/>\n@valicongroup<\/p>\n<p>&nbsp;<\/p>","protected":false},"excerpt":{"rendered":"<p>Z raziskavo #Novanormalnost spremljamo klju\u010dne indikatorje odziva javnosti na klju\u010dne politi\u010dne in gospodarske okoli\u0161\u010dine. \u00bbValicon Consumer Insight report\u00ab je \u010detrtletna meritev v okviru raziskave #Novanormalnost, s katero podrobneje preverjamo odzive potro\u0161nikov na draginjo, oceno finan\u010dnega stanja, var\u010devanja in potro\u0161nje v prihodnje ter spremembe nakupnih navad. Podatki so dostopni javno. Raziskave #Novanormalnost ne financira nobeno podjetje, [&hellip;]<\/p>","protected":false},"author":3,"featured_media":2376,"comment_status":"closed","ping_status":"open","sticky":false,"template":"","format":"standard","meta":{"_et_pb_use_builder":"","_et_pb_old_content":"","_et_gb_content_width":"","footnotes":""},"categories":[37,41],"tags":[],"class_list":["post-2542","post","type-post","status-publish","format-standard","has-post-thumbnail","hentry","category-knowledge-club","category-press-releases"],"_links":{"self":[{"href":"https:\/\/www.valicon.net\/sl\/wp-json\/wp\/v2\/posts\/2542","targetHints":{"allow":["GET"]}}],"collection":[{"href":"https:\/\/www.valicon.net\/sl\/wp-json\/wp\/v2\/posts"}],"about":[{"href":"https:\/\/www.valicon.net\/sl\/wp-json\/wp\/v2\/types\/post"}],"author":[{"embeddable":true,"href":"https:\/\/www.valicon.net\/sl\/wp-json\/wp\/v2\/users\/3"}],"replies":[{"embeddable":true,"href":"https:\/\/www.valicon.net\/sl\/wp-json\/wp\/v2\/comments?post=2542"}],"version-history":[{"count":0,"href":"https:\/\/www.valicon.net\/sl\/wp-json\/wp\/v2\/posts\/2542\/revisions"}],"wp:featuredmedia":[{"embeddable":true,"href":"https:\/\/www.valicon.net\/sl\/wp-json\/wp\/v2\/media\/2376"}],"wp:attachment":[{"href":"https:\/\/www.valicon.net\/sl\/wp-json\/wp\/v2\/media?parent=2542"}],"wp:term":[{"taxonomy":"category","embeddable":true,"href":"https:\/\/www.valicon.net\/sl\/wp-json\/wp\/v2\/categories?post=2542"},{"taxonomy":"post_tag","embeddable":true,"href":"https:\/\/www.valicon.net\/sl\/wp-json\/wp\/v2\/tags?post=2542"}],"curies":[{"name":"wp","href":"https:\/\/api.w.org\/{rel}","templated":true}]}}