{"id":1573,"date":"2020-06-04T16:02:54","date_gmt":"2020-06-04T16:02:54","guid":{"rendered":"https:\/\/valiconweb.sys.valicon.net\/?p=1573"},"modified":"2024-07-16T16:16:22","modified_gmt":"2024-07-16T16:16:22","slug":"istrazivanje-pokazuje-da-vecina-hrvata-ocekuje-da-ce-doci-do-drugog-vala-epidemije-koronavirusa-u-hrvatskoj","status":"publish","type":"post","link":"https:\/\/www.valicon.net\/hr\/istrazivanje-pokazuje-da-vecina-hrvata-ocekuje-da-ce-doci-do-drugog-vala-epidemije-koronavirusa-u-hrvatskoj\/","title":{"rendered":"Istra\u017eivanje pokazuje da ve\u0107ina Hrvata o\u010dekuje da \u0107e do\u0107i do drugog vala epidemije koronavirusa u Hrvatskoj"},"content":{"rendered":"<p><strong><em>Ve\u0107ina restriktivnih mjera u Hrvatskoj je ukinuta ili ubla\u017eena i \u010dini se da se \u017eivot u Hrvatskoj vra\u0107a u normalu, ipak znanstvenici i lije\u010dnici upozoravaju da je izgledno da \u0107e do\u0107i do drugog vala i da moramo biti spremni na to da se restriktivne mjere ponovno uvedu. Prema istra\u017eivanju agencije Valicon, 59% gra\u0111ana Hrvatske vjeruje da \u0107e do\u0107i do drugog vala<\/em><\/strong><\/p>\n<p>Svjetska zdravstvena organizacija upozorila je da bi ovaj koronavirus mogao postati jo\u0161 jedan endemski virus, koji se sezonski pojavljuje i mo\u017eda nikada ne nestane. Me\u0111u ve\u0107inom Hrvata prevladava jednak stav, pa tako 59% smatra da \u0107e do\u0107i do drugog vala \u2013 48% da \u0107e vjerojatno do\u0107i, dok je 11% sigurno u svom mi\u0161ljenju, a zna\u010dajno vi\u0161e su to \u017eene. Da vjerojatno ne\u0107e do\u0107i do drugog vala pandemije u Hrvatskoj smatra 19% gra\u0111ana, dok je samo njih 3% sigurno u uvjerenju da ne\u0107e do\u0107i do drugog vala. Regionalno gledano u Istri i Primorju, gdje nije bilo mnogo slu\u010dajeva zaraze, ljudi u ve\u0107oj mjeri smatraju da vjerojatno ne\u0107e do\u0107i do drugog vala epidemije. Velik je udio onih koji nisu mogli procijeniti vjerojatnost drugog vala, \u0161to i nije za\u010du\u0111uju\u0107e ako uzmemo u obzir koliko opre\u010dnih i zbunjuju\u0107ih savjeta i uputa su slu\u0161ali posljednjih mjeseci od strane stru\u010dnog sto\u017eera i vladaju\u0107ih, i s obzirom na infodemiju vezanu uz koronavirus koja vlada na dru\u0161tvenim mre\u017eama i u kojoj je nije najjednostavnije razabrati koje informacije su to\u010dne.<\/p>\n<p><img decoding=\"async\"  src=\"https:\/\/www.valicon.net\/wp-content\/uploads\/2024\/07\/slika1-1-1.png\" alt=\"\"  \/><\/p>\n<p>Ve\u0107ina Hrvata smatra da \u0107e do drugog vala do\u0107i na jesen \u2013 u 9. ili 10. mjesecu (njih 41%), odnosno na zimu \u2013 u 11. ili 12. mjesecu (njih 38%).\u00a0 Samo 3% ih smatra da \u0107e se to dogoditi prije, nekad na ljeto, a 2% da \u0107e do\u0107i nekad sljede\u0107e godine. Gledano po dobnim skupinama oni mla\u0111i (18 do 29 godina) skloniji su mi\u0161ljenju da \u0107e do drugog vala do\u0107i na jesen, tj. u 9. ili 10. mjesecu, \u010dak 63% ispitanika ove dobi dijeli ovaj stav. S druge strane oni stariji, izme\u0111u 30 i 75 godina, vi\u0161e od mladih o\u010dekuju da \u0107e se to dogoditi na zimu, dakle, nekad u 11. ili 12. mjesecu.<\/p>\n<p><img decoding=\"async\"  src=\"https:\/\/www.valicon.net\/wp-content\/uploads\/2024\/07\/slika2-2.png\" alt=\"\"  \/><\/p>\n<p>Kada je u pitanju kako bi trebale izgledati restriktivne mjere u slu\u010daju drugog vala, javnost je poprili\u010dno podijeljena \u2013 najve\u0107i broj gra\u0111ana, njih 29% smatra da su mjere u prvom valu bile prikladne i da treba uvesti identi\u010dne mjere i u drugom valu, a gotovo je jednak udio onih koji smatraju da bi se odmah trebale uvesti stro\u017ee mjere (20%) i onih koji smatraju da bi trebalo uvesti ne\u0161to bla\u017ee mjere (21%) nego u prvom valu. Kad se ovima koji bi uveli bla\u017ee mjere doda jo\u0161 16% onih koji misle da bi se trebale uvesti samo minimalne mjere, te 9% gra\u0111ana uop\u0107e ne bi uvodilo restriktivne mjere, dolazimo do podatka da gotovo polovica gra\u0111ana (45%) o\u010dekuje zapravo da mjere budu manje restriktivne nego u prvom valu.<\/p>\n<p><img decoding=\"async\"  src=\"https:\/\/www.valicon.net\/wp-content\/uploads\/2024\/07\/slika3-2.png\" alt=\"\" \/><\/p>\n<p><em>###<\/em><\/p>\n<p><strong>Navo\u0111enje izvora<\/strong><\/p>\n<p>Pri navo\u0111enju izvora molimo navedite\u00a0 (preporu\u010deni oblik navo\u0111enja izvora):<\/p>\n<p>\u00bbIzvor: VALICON, online anketa na nacionalno reprezentativnom uzorku n=519, 18-75, u razdoblju 29.-31. svibanj 2020.\u00ab<\/p>\n<p><em>###<\/em><\/p>\n<p><strong>Metodolo\u0161ki podaci<\/strong><\/p>\n<p>Istra\u017eivanje je provedenu u okviru Valicon online panela jaZnam.hr. Rezultati su reprezentativni za hrvatsku internetsku populaciju od 18 do 75 godina, prema dobi, spolu, starosti, obrazovanju i regiji.<\/p>\n<p>Vrijeme anketiranja:<\/p>\n<p>29.-31. svibanj, op\u0107a populacija, 18-75, N=519<\/p>\n<p><em>###<\/em><\/p>\n<p><strong>O Valicon panelu Jaznam.hr<\/strong><\/p>\n<p>Valicon ima svoje panele \u0161irom jugoisto\u010dne Evrope, a prvi online panel pokrenut je prije vi\u0161e od 10 godina.\u00a0 Svim panelima centralno upravlja profesionalni tim koji se brine o sigurnosti i kontroli regrutacije, kvalitete i zadovoljstva panelista. Valicon panel omogu\u0107ava: vrlo pouzdane i brze odgovore, dobar odaziv, te reprezentativan uzorak za internetsku populaciju.<\/p>\n<p>Trenutno na nivou regije Valicon paneli imaju preko 50.000 registriranih korisnika, a \u010diji broj konstantno raste. Regrutacija u panel se vr\u0161i putem vi\u0161estrukih izvora, a besplatna prijava je mogu\u0107a putem\u00a0<a href=\"https:\/\/www.jaznam.hr\/#register\">https:\/\/www.jaznam.hr\/#register<\/a><\/p>\n<p><strong>\u00a0<\/strong><\/p>\n<p><strong>O kompaniji Valicon<\/strong><\/p>\n<p>Valicon je jedna od vode\u0107ih kompanija za tr\u017ei\u0161no savjetovanje i istra\u017eivanje javnog mnijenja u jugoisto\u010dnoj Evropi. Valicon je specijaliziran za mala tr\u017ei\u0161ta, prilago\u0111ena rje\u0161enja, naprednu metodologiju i detaljni uvid u klijentovo podru\u010dje aktivnosti. Osnovna djelatnost kompanije je marketin\u0161ko savjetovanje na temelju marketin\u0161kih istra\u017eivanja. Valicon nudi svojim klijentima usluge na cijelom Zapadnom Balkanu i putem odabranih partnera u drugim europskim zemljama.<\/p>\n<p><em>###<\/em><\/p>\n<p><strong>Vi\u0161e informacija<\/strong><\/p>\n<p>Valicon d.o.o., Dra\u0161kovi\u0107eva 54, 10000 Zagreb<br \/>\nT: 385 1 640 9955<br \/>\nE:\u00a0<a href=\"mailto:pr@valicon.net\">info@valicon.net<\/a><br \/>\nWeb:\u00a0<a href=\"https:\/\/www.valicon.net\/hr\/\">www.valicon.net<\/a><\/p>","protected":false},"excerpt":{"rendered":"<p>Ve\u0107ina restriktivnih mjera u Hrvatskoj je ukinuta ili ubla\u017eena i \u010dini se da se \u017eivot u Hrvatskoj vra\u0107a u normalu, ipak znanstvenici i lije\u010dnici upozoravaju da je izgledno da \u0107e do\u0107i do drugog vala i da moramo biti spremni na to da se restriktivne mjere ponovno uvedu. Prema istra\u017eivanju agencije Valicon, 59% gra\u0111ana Hrvatske vjeruje [&hellip;]<\/p>","protected":false},"author":1,"featured_media":1574,"comment_status":"open","ping_status":"open","sticky":false,"template":"","format":"standard","meta":{"_et_pb_use_builder":"","_et_pb_old_content":"","_et_gb_content_width":"","footnotes":""},"categories":[37],"tags":[],"class_list":["post-1573","post","type-post","status-publish","format-standard","has-post-thumbnail","hentry","category-knowledge-club"],"_links":{"self":[{"href":"https:\/\/www.valicon.net\/hr\/wp-json\/wp\/v2\/posts\/1573","targetHints":{"allow":["GET"]}}],"collection":[{"href":"https:\/\/www.valicon.net\/hr\/wp-json\/wp\/v2\/posts"}],"about":[{"href":"https:\/\/www.valicon.net\/hr\/wp-json\/wp\/v2\/types\/post"}],"author":[{"embeddable":true,"href":"https:\/\/www.valicon.net\/hr\/wp-json\/wp\/v2\/users\/1"}],"replies":[{"embeddable":true,"href":"https:\/\/www.valicon.net\/hr\/wp-json\/wp\/v2\/comments?post=1573"}],"version-history":[{"count":0,"href":"https:\/\/www.valicon.net\/hr\/wp-json\/wp\/v2\/posts\/1573\/revisions"}],"wp:featuredmedia":[{"embeddable":true,"href":"https:\/\/www.valicon.net\/hr\/wp-json\/wp\/v2\/media\/1574"}],"wp:attachment":[{"href":"https:\/\/www.valicon.net\/hr\/wp-json\/wp\/v2\/media?parent=1573"}],"wp:term":[{"taxonomy":"category","embeddable":true,"href":"https:\/\/www.valicon.net\/hr\/wp-json\/wp\/v2\/categories?post=1573"},{"taxonomy":"post_tag","embeddable":true,"href":"https:\/\/www.valicon.net\/hr\/wp-json\/wp\/v2\/tags?post=1573"}],"curies":[{"name":"wp","href":"https:\/\/api.w.org\/{rel}","templated":true}]}}